{"id":17919,"date":"2025-08-02T08:50:38","date_gmt":"2025-08-02T07:50:38","guid":{"rendered":"https:\/\/www.vsg-altglienicke.de\/fussball\/?p=17919"},"modified":"2025-08-03T19:25:46","modified_gmt":"2025-08-03T18:25:46","slug":"gelungener-saisonauftakt-20-gegen-hertha-03-zehlendorf","status":"publish","type":"post","link":"https:\/\/www.vsg-altglienicke.de\/fussball\/gelungener-saisonauftakt-20-gegen-hertha-03-zehlendorf\/","title":{"rendered":"Gelungener Saisonauftakt \u2013 2:0 gegen Hertha 03 Zehlendorf"},"content":{"rendered":"\n<p>Mehr als 500 Zuschauer kamen zum Saisonauftakt der VSG Altglienicke mit einem Berliner Stadtderby im brandenburgischen F\u00fcrstenwalde. Die G\u00e4ste vom FC Hertha 03 Zehlendorf pr\u00e4sentierten sich von Beginn an sehr defensiv eingestellt und so war es auch f\u00fcr die Altglienicker trotz deutlich mehr Ballbesitz schwer ins Spiel zu finden und Chancen zu kreieren, wie Trainer Ersan Parlatan nach Spielende kommentierte. Es mangelte immer wieder in den Abschl\u00fcssen. Die einzige richtige Chance in der ersten H\u00e4lfte war in der 44. Minute war ein fast unterlaufenes Eigentor, als der Zehlendorfer Keskin bei einer Eingabe von Schickersinsky ungl\u00fccklich eingriff, der Ball an die Latte des G\u00e4stetores knallte.<\/p>\n\n\n\n<p>Kurz nach der Halbzeitpause war eine Rote Karte in der 50. Minute der Wendepunkt des Spiels, nachdem Herthas Mittelfeldmann Wicht den munter in Richtung Tor konternden Hartl r\u00fcde zu Fall brachte. Keine zwei Minuten sp\u00e4ter waren die nur noch zu zehnt spielenden G\u00e4ste machtlos, als Jonas Nietfeld eine Flanke von Schickersinsky volley ins Tor katapultierte. Danach versuchten die Zehlendorfer etwas mehr, es wurde im Abschluss aber nicht mehr als ein gut platzierter Freisto\u00df von Yoldas, den VSG-Keeper Klatte noch aus dem Toreck fischen konnte. Der eingewechselte Louis Wagner sorgte sp\u00e4ter f\u00fcr eine Vorentscheidung. Eigentlich wollte dieser Nietfeld mit einer weiten Linksflanke f\u00fcttern, der kam aber nicht mehr heran. Gl\u00fccklicherweise war Hertha-Keeper Dedidis in diesem Moment aber dadurch derma\u00dfen irritiert, dass er am weiterfliegenden Ball vorbeigriff und es nach 61 Minuten 2:0 stand. Im weiteren Verlauf h\u00e4tte Paul Manske noch erh\u00f6hen k\u00f6nnen, aber allein vor Dedidis blieb er nicht nervenstark genug.<\/p>\n\n\n\n<p>Am Freitag, den 1. August, geht es f\u00fcr die VSG Altglienicke zum ersten Ausw\u00e4rtsspiel der Saison zum Meister 1. FC Lok Leipzig. Um 19 Uhr ist Anpfiff im Bruno-Plache-Stadion.<\/p>\n\n\n\n<p><strong>Tore:<\/strong> 1:0 Nietfeld (52.), 2:0 L. Wagner (61.)<\/p>\n\n\n\n<p><strong>Aufstellung:<\/strong> Klatte \u2013 Tezel (85. Kardam), Kebe, Kapp, L\u00fcbke (64. P. Manske) \u2013 Hartl, Rieder, T\u00fcrpitz \u2013 Schickersinsky (64. Saliger), Nietfeld (64. J. Manske), Friedrich (46. L. Wagner)<\/p>\n\n\n\n<p><strong>Zuschauer:<\/strong> 512<\/p>\n\n\n\n<p>Joachim Schmidt<\/p>\n","protected":false},"excerpt":{"rendered":"<p>Mehr als 500 Zuschauer kamen zum Saisonauftakt der VSG Altglienicke mit einem Berliner Stadtderby im brandenburgischen F\u00fcrstenwalde. Die G\u00e4ste vom FC Hertha 03 Zehlendorf pr\u00e4sentierten sich von Beginn an sehr defensiv eingestellt und so war es auch f\u00fcr die Altglienicker trotz deutlich mehr Ballbesitz schwer ins Spiel zu finden und Chancen zu kreieren, wie Trainer [&hellip;]<\/p>\n","protected":false},"author":4,"featured_media":17910,"comment_status":"open","ping_status":"open","sticky":false,"template":"","format":"standard","meta":{"_acf_changed":false,"footnotes":""},"categories":[13],"tags":[53],"class_list":["post-17919","post","type-post","status-publish","format-standard","has-post-thumbnail","hentry","category-profis","tag-spielbericht"],"acf":[],"publishpress_future_workflow_manual_trigger":{"enabledWorkflows":[]},"_links":{"self":[{"href":"https:\/\/www.vsg-altglienicke.de\/fussball\/wp-json\/wp\/v2\/posts\/17919","targetHints":{"allow":["GET"]}}],"collection":[{"href":"https:\/\/www.vsg-altglienicke.de\/fussball\/wp-json\/wp\/v2\/posts"}],"about":[{"href":"https:\/\/www.vsg-altglienicke.de\/fussball\/wp-json\/wp\/v2\/types\/post"}],"author":[{"embeddable":true,"href":"https:\/\/www.vsg-altglienicke.de\/fussball\/wp-json\/wp\/v2\/users\/4"}],"replies":[{"embeddable":true,"href":"https:\/\/www.vsg-altglienicke.de\/fussball\/wp-json\/wp\/v2\/comments?post=17919"}],"version-history":[{"count":1,"href":"https:\/\/www.vsg-altglienicke.de\/fussball\/wp-json\/wp\/v2\/posts\/17919\/revisions"}],"predecessor-version":[{"id":17920,"href":"https:\/\/www.vsg-altglienicke.de\/fussball\/wp-json\/wp\/v2\/posts\/17919\/revisions\/17920"}],"wp:featuredmedia":[{"embeddable":true,"href":"https:\/\/www.vsg-altglienicke.de\/fussball\/wp-json\/wp\/v2\/media\/17910"}],"wp:attachment":[{"href":"https:\/\/www.vsg-altglienicke.de\/fussball\/wp-json\/wp\/v2\/media?parent=17919"}],"wp:term":[{"taxonomy":"category","embeddable":true,"href":"https:\/\/www.vsg-altglienicke.de\/fussball\/wp-json\/wp\/v2\/categories?post=17919"},{"taxonomy":"post_tag","embeddable":true,"href":"https:\/\/www.vsg-altglienicke.de\/fussball\/wp-json\/wp\/v2\/tags?post=17919"}],"curies":[{"name":"wp","href":"https:\/\/api.w.org\/{rel}","templated":true}]}}