{"id":17766,"date":"2025-06-17T20:00:23","date_gmt":"2025-06-17T19:00:23","guid":{"rendered":"https:\/\/www.vsg-altglienicke.de\/fussball\/?p=17766"},"modified":"2025-08-03T19:24:22","modified_gmt":"2025-08-03T18:24:22","slug":"vsg-altglienicke-traegt-regionalliga-heimspiele-kuenftig-in-fuerstenwalde-aus","status":"publish","type":"post","link":"https:\/\/www.vsg-altglienicke.de\/fussball\/vsg-altglienicke-traegt-regionalliga-heimspiele-kuenftig-in-fuerstenwalde-aus\/","title":{"rendered":"VSG Altglienicke tr\u00e4gt Regionalliga-Heimspiele k\u00fcnftig in F\u00fcrstenwalde aus"},"content":{"rendered":"\n<p><\/p>\n\n\n\n<p>Die Heimspiele der Saison 2025\/26 wird die VSG in der Spree-Arena im Friesen-Stadion austragen, da in Berlin keine geeignete Alternative gefunden werden konnte. Die entsprechende Nutzungsvereinbarung wurde von B\u00fcrgermeister Matthias Rudolph f\u00fcr die Stadt F\u00fcrstenwalde und von Marco Schr\u00f6der f\u00fcr die VSG unterzeichnet. Auch der FSV Union F\u00fcrstenwalde, der weiterhin dort spielt, ist in das Modell eingebunden.<\/p>\n\n\n\n<p>\u201eUnser Dank geht an die Stadt F\u00fcrstenwalde und den FSV. F\u00fcr Berlin ist das eigentlich ein Armutszeugnis \u2013 wir ziehen mit einem funktionierenden Viertligabetrieb nach Brandenburg um. Bei uns h\u00e4ngen 40 bis 50 Arbeitspl\u00e4tze dran\u201c, kritisierte Mattuschka.<\/p>\n\n\n\n<p>Schon in der Vorsaison war Altglienicke ins Zoschke-Stadion in Lichtenberg ausgewichen, doch eine weitere Zusammenarbeit mit Lichtenberg 47 kam nicht zustande. Seit dem Aufstieg in die Regionalliga 2017 spielte die VSG auch schon im Jahn-Sportpark und im Amateurstadion von Hertha BSC. Die eigene Anlage in Altglienicke erf\u00fcllt seit jeher nicht die Regionalliga-Anforderungen. Auch die Trainingsst\u00e4tte in Baumschulenweg, die seit 2019 genutzt wird, ist trotz bewilligter F\u00f6rdermittel in H\u00f6he von 4,3 Millionen Euro weiterhin nicht ausgebaut worden. Der Bezirk Treptow-K\u00f6penick hat den notwendigen Umbau bislang nicht realisieren k\u00f6nnen.<\/p>\n\n\n\n<p>In F\u00fcrstenwalde sieht man der Kooperation positiv entgegen. \u201eNat\u00fcrlich ist es f\u00fcr die F\u00fcrstenwalder Fu\u00dfballfans schmerzlich, dass h\u00f6herklassiger Fu\u00dfball hier nicht mehr beheimatet ist. Aber mit der VSG ergibt sich eine echte Win-Win-Situation\u201c, betonte B\u00fcrgermeister Rudolph.<\/p>\n\n\n\n<p><\/p>\n","protected":false},"excerpt":{"rendered":"<p>Die Heimspiele der Saison 2025\/26 wird die VSG in der Spree-Arena im Friesen-Stadion austragen, da in Berlin keine geeignete Alternative gefunden werden konnte. Die entsprechende Nutzungsvereinbarung wurde von B\u00fcrgermeister Matthias Rudolph f\u00fcr die Stadt F\u00fcrstenwalde und von Marco Schr\u00f6der f\u00fcr die VSG unterzeichnet. Auch der FSV Union F\u00fcrstenwalde, der weiterhin dort spielt, ist in das [&hellip;]<\/p>\n","protected":false},"author":4,"featured_media":17767,"comment_status":"open","ping_status":"open","sticky":false,"template":"","format":"standard","meta":{"_acf_changed":false,"footnotes":""},"categories":[13],"tags":[],"class_list":["post-17766","post","type-post","status-publish","format-standard","has-post-thumbnail","hentry","category-profis"],"acf":[],"publishpress_future_workflow_manual_trigger":{"enabledWorkflows":[]},"_links":{"self":[{"href":"https:\/\/www.vsg-altglienicke.de\/fussball\/wp-json\/wp\/v2\/posts\/17766","targetHints":{"allow":["GET"]}}],"collection":[{"href":"https:\/\/www.vsg-altglienicke.de\/fussball\/wp-json\/wp\/v2\/posts"}],"about":[{"href":"https:\/\/www.vsg-altglienicke.de\/fussball\/wp-json\/wp\/v2\/types\/post"}],"author":[{"embeddable":true,"href":"https:\/\/www.vsg-altglienicke.de\/fussball\/wp-json\/wp\/v2\/users\/4"}],"replies":[{"embeddable":true,"href":"https:\/\/www.vsg-altglienicke.de\/fussball\/wp-json\/wp\/v2\/comments?post=17766"}],"version-history":[{"count":1,"href":"https:\/\/www.vsg-altglienicke.de\/fussball\/wp-json\/wp\/v2\/posts\/17766\/revisions"}],"predecessor-version":[{"id":17768,"href":"https:\/\/www.vsg-altglienicke.de\/fussball\/wp-json\/wp\/v2\/posts\/17766\/revisions\/17768"}],"wp:featuredmedia":[{"embeddable":true,"href":"https:\/\/www.vsg-altglienicke.de\/fussball\/wp-json\/wp\/v2\/media\/17767"}],"wp:attachment":[{"href":"https:\/\/www.vsg-altglienicke.de\/fussball\/wp-json\/wp\/v2\/media?parent=17766"}],"wp:term":[{"taxonomy":"category","embeddable":true,"href":"https:\/\/www.vsg-altglienicke.de\/fussball\/wp-json\/wp\/v2\/categories?post=17766"},{"taxonomy":"post_tag","embeddable":true,"href":"https:\/\/www.vsg-altglienicke.de\/fussball\/wp-json\/wp\/v2\/tags?post=17766"}],"curies":[{"name":"wp","href":"https:\/\/api.w.org\/{rel}","templated":true}]}}