{"id":17655,"date":"2025-03-26T14:55:48","date_gmt":"2025-03-26T13:55:48","guid":{"rendered":"https:\/\/www.vsg-altglienicke.de\/fussball\/?p=17655"},"modified":"2025-03-26T14:55:48","modified_gmt":"2025-03-26T13:55:48","slug":"vsg-altglienicke-und-trainer-semih-keskin-trennen-sich-einvernehmlich","status":"publish","type":"post","link":"https:\/\/www.vsg-altglienicke.de\/fussball\/vsg-altglienicke-und-trainer-semih-keskin-trennen-sich-einvernehmlich\/","title":{"rendered":"VSG Altglienicke und Trainer Semih Keskin trennen sich einvernehmlich!"},"content":{"rendered":"<div class=\"textblock\"><header>\n<p>Die VSG Altglienicke und Cheftrainer Semih Keskin haben sich mit sofortiger Wirkung in beidseitigem Einvernehmen auf eine Beendigung der Zusammenarbeit verst\u00e4ndigt.<\/p>\n<p>Interimsweise wird weiterhin Co-Trainer Dan Twardzik das Team betreuen, der diese Rolle bereits seit zwei Wochen \u00fcbernommen hat.<\/p>\n<p>Der Verein bedankt sich herzlich bei Semih Keskin f\u00fcr die engagierte und vertrauensvolle Zusammenarbeit und w\u00fcnscht ihm f\u00fcr seine private und berufliche Zukunft alles Gute.<\/p>\n<\/header><\/div>\n\n\n<p><\/p>\n","protected":false},"excerpt":{"rendered":"<p>Die VSG Altglienicke und Cheftrainer Semih Keskin haben sich mit sofortiger Wirkung in beidseitigem Einvernehmen auf eine Beendigung der Zusammenarbeit verst\u00e4ndigt. Interimsweise wird weiterhin Co-Trainer Dan Twardzik das Team betreuen, der diese Rolle bereits seit zwei Wochen \u00fcbernommen hat. Der Verein bedankt sich herzlich bei Semih Keskin f\u00fcr die engagierte und vertrauensvolle Zusammenarbeit und w\u00fcnscht [&hellip;]<\/p>\n","protected":false},"author":4,"featured_media":17656,"comment_status":"closed","ping_status":"closed","sticky":false,"template":"","format":"standard","meta":{"_acf_changed":false,"footnotes":""},"categories":[13],"tags":[53],"class_list":["post-17655","post","type-post","status-publish","format-standard","has-post-thumbnail","hentry","category-profis","tag-spielbericht"],"acf":[],"publishpress_future_workflow_manual_trigger":{"enabledWorkflows":[]},"_links":{"self":[{"href":"https:\/\/www.vsg-altglienicke.de\/fussball\/wp-json\/wp\/v2\/posts\/17655","targetHints":{"allow":["GET"]}}],"collection":[{"href":"https:\/\/www.vsg-altglienicke.de\/fussball\/wp-json\/wp\/v2\/posts"}],"about":[{"href":"https:\/\/www.vsg-altglienicke.de\/fussball\/wp-json\/wp\/v2\/types\/post"}],"author":[{"embeddable":true,"href":"https:\/\/www.vsg-altglienicke.de\/fussball\/wp-json\/wp\/v2\/users\/4"}],"replies":[{"embeddable":true,"href":"https:\/\/www.vsg-altglienicke.de\/fussball\/wp-json\/wp\/v2\/comments?post=17655"}],"version-history":[{"count":1,"href":"https:\/\/www.vsg-altglienicke.de\/fussball\/wp-json\/wp\/v2\/posts\/17655\/revisions"}],"predecessor-version":[{"id":17657,"href":"https:\/\/www.vsg-altglienicke.de\/fussball\/wp-json\/wp\/v2\/posts\/17655\/revisions\/17657"}],"wp:featuredmedia":[{"embeddable":true,"href":"https:\/\/www.vsg-altglienicke.de\/fussball\/wp-json\/wp\/v2\/media\/17656"}],"wp:attachment":[{"href":"https:\/\/www.vsg-altglienicke.de\/fussball\/wp-json\/wp\/v2\/media?parent=17655"}],"wp:term":[{"taxonomy":"category","embeddable":true,"href":"https:\/\/www.vsg-altglienicke.de\/fussball\/wp-json\/wp\/v2\/categories?post=17655"},{"taxonomy":"post_tag","embeddable":true,"href":"https:\/\/www.vsg-altglienicke.de\/fussball\/wp-json\/wp\/v2\/tags?post=17655"}],"curies":[{"name":"wp","href":"https:\/\/api.w.org\/{rel}","templated":true}]}}