{"id":17411,"date":"2025-02-16T15:19:02","date_gmt":"2025-02-16T14:19:02","guid":{"rendered":"https:\/\/www.vsg-altglienicke.de\/fussball\/?p=17411"},"modified":"2025-03-02T13:49:27","modified_gmt":"2025-03-02T12:49:27","slug":"verpatzte-erste-haelfte-12-gegen-hallescher-fc","status":"publish","type":"post","link":"https:\/\/www.vsg-altglienicke.de\/fussball\/verpatzte-erste-haelfte-12-gegen-hallescher-fc\/","title":{"rendered":"Verpatzte erste H\u00e4lfte \u2013 1:2 gegen Hallescher FC"},"content":{"rendered":"<div class=\"textblock\"><header>\n<p class=\"ydp2a2ef75emsonormal\"><span style=\"font-family: 'Arial',sans-serif;\">Erstmals empfing die VSG Altglienicke den im Sommer nach zw\u00f6lf Jahren 3. Liga in die Regionalliga abgestiegenen Halleschen FC. Die G\u00e4ste begannen mit viel Druck und st\u00f6rten damit immer wieder den Spielaufbau der Altglienicker. Den ersten Hochkar\u00e4ter nutzte der im Winter von Hertha 03 Zehlendorf nach Halle gewechselte Serhat Polat, der in der 14. Minute einen langen Ball von Burim Halili zum 0:1 einnetzte. Zwei Minuten sp\u00e4ter bediente Polat als Vorbereiter Fabrice Hartmann, welcher den Steckpass in der 16. Minute zum 0:2 ins rechte Toreck bef\u00f6rderte. Ein fr\u00fcher Zwei-Tore-R\u00fcckstand. Im ersten Durchgang strahlte das Altglienicker Team f\u00fcr die G\u00e4ste kaum Gefahr aus. Die gr\u00f6\u00dfte Chance blieb ein Distanzschuss von Philip T\u00fcrpitz aus 30 Metern (19.), welchen jedoch HFC-Keeper Luca Bendel parieren konnte. Mehr lie\u00df die Hallenser Defensive nicht zu. Kurz vor der Pause gab es noch einen gef\u00e4hrlichen Angriff von Ex-Altglienicker Manass\u00e9 Eshele, der allein auf VSG-Schlussmann Luis Zwick zulief, aber Abseits.<\/span><\/p>\n<p class=\"ydp2a2ef75emsonormal\"><span style=\"font-family: 'Arial',sans-serif;\">Nach dem Seitenwechsel pr\u00e4sentierte sich Altglienicke deutlich engagierter und geordneter, kam so auch immer mehr zu guten Abschl\u00fcssen. In der 59. Minute w\u00e4re fast der Anschlusstreffer gefallen, doch den Distanzschuss von Eren \u00d6zt\u00fcrk konnte Bendel im letzten Moment noch an die Latte lenken. Neun Minuten sp\u00e4ter belohnte sich die VSG schlie\u00dflich f\u00fcr den erh\u00f6hten Offensivdrang, als Paul Manske in den Strafraum der Hallenser vordrang und den Ball zum 1:2-Anschlusstreffer einlegte. Es begann das Dr\u00e4ngen der Altglienicker auf den Ausgleichtreffer, aber in dieser Phase schw\u00e4chte man sich selbst. Aufgrund zu harten Einsteigens in einem Zweikampf flog der vormalige Torsch\u00fctze Paul Manske in den 83. Minute mit Gelb-Rot vom Platz. Selbst in Unterzahl blieben die Gastgeber weiter gef\u00e4hrlich vor dem Tor wie auch auf der anderen Seite die Hallenser gute Konterm\u00f6glichkeiten vergaben. Der Spielstand sollte sich nicht mehr ver\u00e4ndern. Der Tabellenzweite konnte vor 1.249 Zuschauern drei Punkte bei der Heimspielpremiere des Jahres 2025 entf\u00fchren.<\/span><\/p>\n<p class=\"ydp2a2ef75emsonormal\"><span style=\"font-family: 'Arial',sans-serif;\">Tore: 0:1 Polat (14.), 0:2 Hartmann (16.), 1:2 P. Manske (68.)<\/span><\/p>\n<p class=\"ydp2a2ef75emsonormal\"><span style=\"font-family: 'Arial',sans-serif;\">Aufstellung: Zwick &#8211; Tezel, Kauter, Gunte, Hug (64. Laverty) &#8211; Kapp &#8211; T\u00fcrpitz, \u00d6zt\u00fcrk &#8211; P. Manske, J. Manske, Abu- Alfa (46. Roczen)<\/span><\/p>\n<p class=\"ydp2a2ef75emsonormal\"><span style=\"font-family: 'Arial',sans-serif;\">Gelbe Karten: J. Manske<\/span><\/p>\n<p class=\"ydp2a2ef75emsonormal\"><span style=\"font-family: 'Arial',sans-serif;\">Gelb-Rote Karte: P. Manske (83.)<\/span><\/p>\n<p class=\"ydp2a2ef75emsonormal\"><span style=\"font-family: 'Arial',sans-serif;\">Zuschauer: 1.249<\/span><\/p>\n<p class=\"ydp2a2ef75emsonormal\"><span style=\"font-family: 'Arial',sans-serif;\">Joachim Schmidt<\/span><\/p>\n<p>Foto: (c) Matze Koch<\/p>\n<\/header><\/div>\n\n\n<p><\/p>\n","protected":false},"excerpt":{"rendered":"<p>Erstmals empfing die VSG Altglienicke den im Sommer nach zw\u00f6lf Jahren 3. Liga in die Regionalliga abgestiegenen Halleschen FC. Die G\u00e4ste begannen mit viel Druck und st\u00f6rten damit immer wieder den Spielaufbau der Altglienicker. Den ersten Hochkar\u00e4ter nutzte der im Winter von Hertha 03 Zehlendorf nach Halle gewechselte Serhat Polat, der in der 14. Minute [&hellip;]<\/p>\n","protected":false},"author":4,"featured_media":17412,"comment_status":"closed","ping_status":"closed","sticky":false,"template":"","format":"standard","meta":{"_acf_changed":false,"footnotes":""},"categories":[13],"tags":[53],"class_list":["post-17411","post","type-post","status-publish","format-standard","has-post-thumbnail","hentry","category-profis","tag-spielbericht"],"acf":[],"publishpress_future_workflow_manual_trigger":{"enabledWorkflows":[]},"_links":{"self":[{"href":"https:\/\/www.vsg-altglienicke.de\/fussball\/wp-json\/wp\/v2\/posts\/17411","targetHints":{"allow":["GET"]}}],"collection":[{"href":"https:\/\/www.vsg-altglienicke.de\/fussball\/wp-json\/wp\/v2\/posts"}],"about":[{"href":"https:\/\/www.vsg-altglienicke.de\/fussball\/wp-json\/wp\/v2\/types\/post"}],"author":[{"embeddable":true,"href":"https:\/\/www.vsg-altglienicke.de\/fussball\/wp-json\/wp\/v2\/users\/4"}],"replies":[{"embeddable":true,"href":"https:\/\/www.vsg-altglienicke.de\/fussball\/wp-json\/wp\/v2\/comments?post=17411"}],"version-history":[{"count":2,"href":"https:\/\/www.vsg-altglienicke.de\/fussball\/wp-json\/wp\/v2\/posts\/17411\/revisions"}],"predecessor-version":[{"id":17466,"href":"https:\/\/www.vsg-altglienicke.de\/fussball\/wp-json\/wp\/v2\/posts\/17411\/revisions\/17466"}],"wp:featuredmedia":[{"embeddable":true,"href":"https:\/\/www.vsg-altglienicke.de\/fussball\/wp-json\/wp\/v2\/media\/17412"}],"wp:attachment":[{"href":"https:\/\/www.vsg-altglienicke.de\/fussball\/wp-json\/wp\/v2\/media?parent=17411"}],"wp:term":[{"taxonomy":"category","embeddable":true,"href":"https:\/\/www.vsg-altglienicke.de\/fussball\/wp-json\/wp\/v2\/categories?post=17411"},{"taxonomy":"post_tag","embeddable":true,"href":"https:\/\/www.vsg-altglienicke.de\/fussball\/wp-json\/wp\/v2\/tags?post=17411"}],"curies":[{"name":"wp","href":"https:\/\/api.w.org\/{rel}","templated":true}]}}