{"id":17390,"date":"2025-02-07T09:40:28","date_gmt":"2025-02-07T08:40:28","guid":{"rendered":"https:\/\/www.vsg-altglienicke.de\/fussball\/?p=17390"},"modified":"2025-02-07T09:49:45","modified_gmt":"2025-02-07T08:49:45","slug":"nur-remis-zum-jahresauftakt-11-bei-viktoria-89","status":"publish","type":"post","link":"https:\/\/www.vsg-altglienicke.de\/fussball\/nur-remis-zum-jahresauftakt-11-bei-viktoria-89\/","title":{"rendered":"Nur Remis zum Jahresauftakt \u2013 1:1 bei Viktoria 89"},"content":{"rendered":"<div class=\"textblock\"><header>\n<p class=\"ydp1fb55661msonormal\"><span style=\"font-family: 'Arial',sans-serif;\">Die Gastgeber hatten den besseren Start. Schon in der 2. Minute ging der FC Viktoria 1:0 in F\u00fchrung, als Jerome Scholz eine Unordnung in der Altglienicker Abwehr nutzte, um perfekt zu Julian Damelang aufzulegen, der den Ball schlie\u00dflich ins Tor einschob. Wenig sp\u00e4ter in der 5. Minute drohte eine \u00e4hnliche Situation, als Emmanuel Elekwa allzu ungehindert vor dem VSG-Tor auftauchte, aber gl\u00fccklicherweise noch das Spielger\u00e4t vert\u00e4ndelte. Drei Minuten sp\u00e4ter schlie\u00dflich die erste M\u00f6glichkeit der Altglienicker, als der k\u00fcrzlich von Viktoria zur VSG zur\u00fcckgekehrte Shean Mensah sich bis zur Grundlinie vorarbeitete, aber der angespielte Ali Abu-Alfa verpasste vor dem Kasten knapp die Kugel zum Ausgleich. Es folgte ein Spiel mit vielen Zweik\u00e4mpfen, aber kaum echte Torchancen, bis in der 24. Minute eine von Arnel Kujovic getretene Ecke von Patrick Kapp auf R\u00fcckkehrer Johannes Manske verl\u00e4ngert wurde, die dieser frei stehend nur noch zum 1:1-Augsleich eink\u00f6pfen brauchte. Drei Minuten daraus hatte Viktoria Gl\u00fcck, nachdem ein Fehlpass von Mohamed Sylla bei Abu-Alfa landete, dieser jedoch bei seiner Torm\u00f6glichkeit noch durch Larry Oellers geblockt wurde. In der Schlussminute segelte ein Schuss von Viktorias Enes K\u00fcc knapp am Pfosten vorbei. Dementsprechend ging es mit einem 1:1 in die Pause. <\/span><\/p>\n<p class=\"ydp1fb55661msonormal\"><span style=\"font-family: 'Arial',sans-serif;\">Nach dem Seitenwechsel begann Viktoria erneut druckvoll. Unmittelbar nach Wiederanpfiff musste VSG-Keeper Luis Zwick mit einer Glanzparade einen Schuss von K\u00fcc abwehren. Enes K\u00fcc legte nochmals in Minute 66 f\u00fcr Elekwa auf, der quer zu Noah Jones passte, aber sein Schuss von unweit des Pfostens wurde noch von Nico Hug an der Torlinie gestoppt. In der 70. Minute reduzierte sich das Altglienicker Team auf nur noch zehn Spieler, als Robert Deziel den Ellenbogen von Sylla traf und wegen T\u00e4tlichkeit mit Rot vom Platz musste. In Unterzahl hatte die VSG noch einmal eine Chance nach einem Eckball in der 78. Minute, aber Tobias Gunte vergab. Zum Schluss warf Viktoria nochmals alles nach vorne, w\u00e4hrend die Altglienicker sich auf Abwehren konzentrierten. In der Nachspielzeit hatte Noah Jones f\u00fcr die Hausherren eine letzte M\u00f6glichkeit, aber der Ball flog am Torgeh\u00e4use vorbei. Es blieb beim Remis.<\/span><\/p>\n<p class=\"ydp1fb55661msonormal\"><span style=\"font-family: 'Arial',sans-serif;\">Am Sonntag, den 9, Februar 2025, empf\u00e4ngt um 13 Uhr im Hans-Zoschke-Stadion die VSG Altglienicke zum n\u00e4chsten Punktspiel den Tabellenzweiten Hallescher FC.<\/span><\/p>\n<p class=\"ydp1fb55661msonormal\"><span style=\"font-family: 'Arial',sans-serif;\">Tore: 1:0 Damelang (2.), 1:1 J. Manske (24.)<\/span><\/p>\n<p class=\"ydp1fb55661msonormal\"><span style=\"font-family: 'Arial',sans-serif;\">Aufstellung: Zwick \u2013 Tezel, Gunte, Kapp, Hug \u2013 Deziel, Kujovic (89. Wagner), T\u00fcrpitz (60. Kauter) \u2013 Mensah, J. Manske (89. Beyazit), Abu-Alfa (60. P. Manske)<\/span><\/p>\n<p class=\"ydp1fb55661msonormal\"><span style=\"font-family: 'Arial',sans-serif;\">Gelbe Karten: Tezel, Kujovic, T\u00fcrpitz<br \/><br \/>Rote Karte: Deziel (66.)<\/span><\/p>\n<p class=\"ydp1fb55661msonormal\"><span style=\"font-family: 'Arial',sans-serif;\">Zuschauer: 215<\/span><\/p>\n<p class=\"ydp1fb55661msonormal\"><span style=\"font-family: 'Arial',sans-serif;\">Joachim Schmidt<\/span><\/p>\n<p>Foto: (c) Matze Koch<\/p>\n<\/header><\/div>\n\n\n<p><\/p>\n","protected":false},"excerpt":{"rendered":"<p>Die Gastgeber hatten den besseren Start. Schon in der 2. Minute ging der FC Viktoria 1:0 in F\u00fchrung, als Jerome Scholz eine Unordnung in der Altglienicker Abwehr nutzte, um perfekt zu Julian Damelang aufzulegen, der den Ball schlie\u00dflich ins Tor einschob. Wenig sp\u00e4ter in der 5. Minute drohte eine \u00e4hnliche Situation, als Emmanuel Elekwa allzu [&hellip;]<\/p>\n","protected":false},"author":4,"featured_media":17393,"comment_status":"closed","ping_status":"closed","sticky":false,"template":"","format":"standard","meta":{"_acf_changed":false,"footnotes":""},"categories":[13],"tags":[53],"class_list":["post-17390","post","type-post","status-publish","format-standard","has-post-thumbnail","hentry","category-profis","tag-spielbericht"],"acf":[],"publishpress_future_workflow_manual_trigger":{"enabledWorkflows":[]},"_links":{"self":[{"href":"https:\/\/www.vsg-altglienicke.de\/fussball\/wp-json\/wp\/v2\/posts\/17390","targetHints":{"allow":["GET"]}}],"collection":[{"href":"https:\/\/www.vsg-altglienicke.de\/fussball\/wp-json\/wp\/v2\/posts"}],"about":[{"href":"https:\/\/www.vsg-altglienicke.de\/fussball\/wp-json\/wp\/v2\/types\/post"}],"author":[{"embeddable":true,"href":"https:\/\/www.vsg-altglienicke.de\/fussball\/wp-json\/wp\/v2\/users\/4"}],"replies":[{"embeddable":true,"href":"https:\/\/www.vsg-altglienicke.de\/fussball\/wp-json\/wp\/v2\/comments?post=17390"}],"version-history":[{"count":1,"href":"https:\/\/www.vsg-altglienicke.de\/fussball\/wp-json\/wp\/v2\/posts\/17390\/revisions"}],"predecessor-version":[{"id":17392,"href":"https:\/\/www.vsg-altglienicke.de\/fussball\/wp-json\/wp\/v2\/posts\/17390\/revisions\/17392"}],"wp:featuredmedia":[{"embeddable":true,"href":"https:\/\/www.vsg-altglienicke.de\/fussball\/wp-json\/wp\/v2\/media\/17393"}],"wp:attachment":[{"href":"https:\/\/www.vsg-altglienicke.de\/fussball\/wp-json\/wp\/v2\/media?parent=17390"}],"wp:term":[{"taxonomy":"category","embeddable":true,"href":"https:\/\/www.vsg-altglienicke.de\/fussball\/wp-json\/wp\/v2\/categories?post=17390"},{"taxonomy":"post_tag","embeddable":true,"href":"https:\/\/www.vsg-altglienicke.de\/fussball\/wp-json\/wp\/v2\/tags?post=17390"}],"curies":[{"name":"wp","href":"https:\/\/api.w.org\/{rel}","templated":true}]}}