{"id":16763,"date":"2024-06-01T12:33:22","date_gmt":"2024-06-01T10:33:22","guid":{"rendered":"https:\/\/www.vsg-altglienicke.de\/fussball\/?p=16763"},"modified":"2024-10-04T20:30:19","modified_gmt":"2024-10-04T20:30:19","slug":"semih-keskin-wird-neuer-cheftrainer-der-vsg-altglienicke","status":"publish","type":"post","link":"https:\/\/www.vsg-altglienicke.de\/fussball\/semih-keskin-wird-neuer-cheftrainer-der-vsg-altglienicke\/","title":{"rendered":"Semih Keskin wird neuer Cheftrainer der VSG Altglienicke"},"content":{"rendered":"<div class=\"xdj266r x11i5rnm xat24cr x1mh8g0r x1vvkbs x126k92a\">\n<div dir=\"auto\">Semih Keskin wird neuer Cheftrainer und wechselt vom FC Viktoria 1889 Berlin zur VSG Altglienicke.<\/div>\n<\/div>\n<div class=\"x11i5rnm xat24cr x1mh8g0r x1vvkbs xtlvy1s x126k92a\">\n<div dir=\"auto\">Der 35-J\u00e4hrige geb\u00fcrtige Berliner \u00fcbernimmt ab der neuen Saison die Verantwortung der 1. Herren Mannschaft.<\/div>\n<\/div>\n<div class=\"x11i5rnm xat24cr x1mh8g0r x1vvkbs xtlvy1s x126k92a\">\n<div dir=\"auto\"><\/div>\n<div dir=\"auto\">Semih Keskin: \u201eIch freue mich riesig auf die neue Herausforderung innerhalb Berlins und hoffe auf eine gute und erfolgreiche Zusammenarbeit. Ziel ist es nat\u00fcrlich in den n\u00e4chsten Jahren den Verein erfolgreich weiterzuentwickeln und den n\u00e4chsten Schritt gehen zu k\u00f6nnen.\u201c<\/div>\n<\/div>\n<div class=\"x11i5rnm xat24cr x1mh8g0r x1vvkbs xtlvy1s x126k92a\">\n<div dir=\"auto\">\u201eWir freuen uns mit Semih Keskin einen erfolgreichen Trainer aus Berlin verpflichtet zu haben. Wir sind fest davon \u00fcberzeugt, dass wir mit Semih den n\u00e4chsten Schritt gehen k\u00f6nnen und freuen uns daher auf eine erfolgreiche Zusammenarbeit.\u201c, so Gesch\u00e4ftsf\u00fchrer Daniel B\u00f6hm.<\/div>\n<div dir=\"auto\"><\/div>\n<\/div>\n<div class=\"x11i5rnm xat24cr x1mh8g0r x1vvkbs xtlvy1s x126k92a\">\n<div dir=\"auto\">Herzlich Willkommen und viel Erfolg bei der VSG Altglienicke.<\/div>\n<\/div>\n","protected":false},"excerpt":{"rendered":"<p>Semih Keskin wird neuer Cheftrainer und wechselt vom FC Viktoria 1889 Berlin zur VSG Altglienicke. Der 35-J\u00e4hrige geb\u00fcrtige Berliner \u00fcbernimmt ab der neuen Saison die Verantwortung der 1. Herren Mannschaft. Semih Keskin: \u201eIch freue mich riesig auf die neue Herausforderung innerhalb Berlins und hoffe auf eine gute und erfolgreiche Zusammenarbeit. Ziel ist es nat\u00fcrlich in [&hellip;]<\/p>\n","protected":false},"author":4,"featured_media":16766,"comment_status":"closed","ping_status":"closed","sticky":false,"template":"","format":"standard","meta":{"_acf_changed":false,"footnotes":""},"categories":[13],"tags":[],"class_list":["post-16763","post","type-post","status-publish","format-standard","has-post-thumbnail","hentry","category-profis"],"acf":[],"publishpress_future_workflow_manual_trigger":{"enabledWorkflows":[]},"_links":{"self":[{"href":"https:\/\/www.vsg-altglienicke.de\/fussball\/wp-json\/wp\/v2\/posts\/16763","targetHints":{"allow":["GET"]}}],"collection":[{"href":"https:\/\/www.vsg-altglienicke.de\/fussball\/wp-json\/wp\/v2\/posts"}],"about":[{"href":"https:\/\/www.vsg-altglienicke.de\/fussball\/wp-json\/wp\/v2\/types\/post"}],"author":[{"embeddable":true,"href":"https:\/\/www.vsg-altglienicke.de\/fussball\/wp-json\/wp\/v2\/users\/4"}],"replies":[{"embeddable":true,"href":"https:\/\/www.vsg-altglienicke.de\/fussball\/wp-json\/wp\/v2\/comments?post=16763"}],"version-history":[{"count":1,"href":"https:\/\/www.vsg-altglienicke.de\/fussball\/wp-json\/wp\/v2\/posts\/16763\/revisions"}],"predecessor-version":[{"id":16862,"href":"https:\/\/www.vsg-altglienicke.de\/fussball\/wp-json\/wp\/v2\/posts\/16763\/revisions\/16862"}],"wp:featuredmedia":[{"embeddable":true,"href":"https:\/\/www.vsg-altglienicke.de\/fussball\/wp-json\/"}],"wp:attachment":[{"href":"https:\/\/www.vsg-altglienicke.de\/fussball\/wp-json\/wp\/v2\/media?parent=16763"}],"wp:term":[{"taxonomy":"category","embeddable":true,"href":"https:\/\/www.vsg-altglienicke.de\/fussball\/wp-json\/wp\/v2\/categories?post=16763"},{"taxonomy":"post_tag","embeddable":true,"href":"https:\/\/www.vsg-altglienicke.de\/fussball\/wp-json\/wp\/v2\/tags?post=16763"}],"curies":[{"name":"wp","href":"https:\/\/api.w.org\/{rel}","templated":true}]}}