{"id":14901,"date":"2021-10-03T17:17:55","date_gmt":"2021-10-03T15:17:55","guid":{"rendered":"https:\/\/www.vsg-altglienicke.de\/fussball\/jahreshauptversammlung-beschliesst-satzungsaenderung-copy\/"},"modified":"2021-10-03T17:17:55","modified_gmt":"2021-10-03T15:17:55","slug":"jahreshauptversammlung-beschliesst-satzungsaenderung-copy","status":"publish","type":"post","link":"https:\/\/www.vsg-altglienicke.de\/fussball\/jahreshauptversammlung-beschliesst-satzungsaenderung-copy\/","title":{"rendered":"Au\u00dferordentliche Mitgliederversammlung stimmt f\u00fcr Ausgliederung"},"content":{"rendered":"<p>Am Freitagabend fand eine au\u00dferordentliche Mitgliederversammlung des Gesamtsvereines der VSG Altglienicke e.V. statt. Diese fand in der Mensa der Grundschule am Berg statt.<\/p>\n<p>Ein zigster Tagesordnungspunkt an diesem Abend war der Antrag der Fu\u00dfballabteilung, auf Ausgliederung des Spielbetrieb der 1.Herren <strong>in eine noch zu gr\u00fcndende Gesellschaft.<\/strong><\/p>\n<p>Nach einer lebhaften Diskussion war am Ende das Votum eindeutig, denn der Antrag wurde 96.6% JA Stimmen angenommen.<\/p>\n<p>Mit dem Schritt sind alle Voraussetzungen erf\u00fcllt, zeitnah eine Gesellschaft zu gr\u00fcnden, in der der Spielbetrieb der Regionalliga Mannschaft abgebildet werden kann. Zudem ist es f\u00fcr die Abteilung Fu\u00dfball und dem Gesamtverein ein wichtiger Schritt in die Zukunft, um die professionellen Strukturen der Regionalliga Mannschaft zu st\u00e4rken und den Gesamtverein zu entlasten.<\/p>\n<p>Der Dank gilt dem Pr\u00e4sidium f\u00fcr die Vorbereitung und die unaufgeregte Durchf\u00fchrung der Veranstaltung.<\/p>\n","protected":false},"excerpt":{"rendered":"<p>Am Freitagabend fand eine au\u00dferordentliche Mitgliederversammlung des Gesamtsvereines der VSG Altglienicke e.V. statt. Diese fand in der Mensa der Grundschule am Berg statt. Ein zigster Tagesordnungspunkt an diesem Abend war der Antrag der Fu\u00dfballabteilung, auf Ausgliederung des Spielbetrieb der 1.Herren in eine noch zu gr\u00fcndende Gesellschaft. Nach einer lebhaften Diskussion war am Ende das Votum [&hellip;]<\/p>\n","protected":false},"author":5,"featured_media":14103,"comment_status":"closed","ping_status":"closed","sticky":false,"template":"","format":"standard","meta":{"_acf_changed":false,"footnotes":""},"categories":[1],"tags":[],"class_list":["post-14901","post","type-post","status-publish","format-standard","has-post-thumbnail","hentry","category-verein"],"acf":[],"publishpress_future_workflow_manual_trigger":{"enabledWorkflows":[]},"_links":{"self":[{"href":"https:\/\/www.vsg-altglienicke.de\/fussball\/wp-json\/wp\/v2\/posts\/14901","targetHints":{"allow":["GET"]}}],"collection":[{"href":"https:\/\/www.vsg-altglienicke.de\/fussball\/wp-json\/wp\/v2\/posts"}],"about":[{"href":"https:\/\/www.vsg-altglienicke.de\/fussball\/wp-json\/wp\/v2\/types\/post"}],"author":[{"embeddable":true,"href":"https:\/\/www.vsg-altglienicke.de\/fussball\/wp-json\/wp\/v2\/users\/5"}],"replies":[{"embeddable":true,"href":"https:\/\/www.vsg-altglienicke.de\/fussball\/wp-json\/wp\/v2\/comments?post=14901"}],"version-history":[{"count":0,"href":"https:\/\/www.vsg-altglienicke.de\/fussball\/wp-json\/wp\/v2\/posts\/14901\/revisions"}],"wp:featuredmedia":[{"embeddable":true,"href":"https:\/\/www.vsg-altglienicke.de\/fussball\/wp-json\/"}],"wp:attachment":[{"href":"https:\/\/www.vsg-altglienicke.de\/fussball\/wp-json\/wp\/v2\/media?parent=14901"}],"wp:term":[{"taxonomy":"category","embeddable":true,"href":"https:\/\/www.vsg-altglienicke.de\/fussball\/wp-json\/wp\/v2\/categories?post=14901"},{"taxonomy":"post_tag","embeddable":true,"href":"https:\/\/www.vsg-altglienicke.de\/fussball\/wp-json\/wp\/v2\/tags?post=14901"}],"curies":[{"name":"wp","href":"https:\/\/api.w.org\/{rel}","templated":true}]}}