{"id":14591,"date":"2021-03-31T09:35:54","date_gmt":"2021-03-31T07:35:54","guid":{"rendered":"https:\/\/www.vsg-altglienicke.de\/fussball\/die-vsg-verlaengert-mit-patrick-breitkreuz-copy\/"},"modified":"2021-03-31T09:35:54","modified_gmt":"2021-03-31T07:35:54","slug":"christian-skoda-verlaengert-fuer-weitere-zwei-jahre","status":"publish","type":"post","link":"https:\/\/www.vsg-altglienicke.de\/fussball\/christian-skoda-verlaengert-fuer-weitere-zwei-jahre\/","title":{"rendered":"Christian Skoda verl\u00e4ngert f\u00fcr weitere zwei Jahre"},"content":{"rendered":"<p>Christian Skoda verl\u00e4ngert seinen Vertrag bei der <strong>VSG Altglienicke<\/strong> f\u00fcr weitere zwei Jahre. Der 30-j\u00e4hrige Skoda der schon seit 2018 im Verein ist, bestritt in dieser Spielzeit bisher alle 11 Regionalliga Spiele, wobei er auch 11mal in der Startelf stand. In diesen 11 Spielen erzielte dabei 4 Tore und 7 Vorlagen. Zudem kam er mit seinem Tor gegen den FC Carl Zeiss Jena auf Platz 2 bei der Wahl zum &#8222;Tor des Monats November&#8220; in der ARD-Sportschau.<\/p>\n<p>Weiterhin viel Erfolg !<\/p>\n<p>#nurdieVSG<\/p>\n","protected":false},"excerpt":{"rendered":"<p>Christian Skoda verl\u00e4ngert seinen Vertrag bei der VSG Altglienicke f\u00fcr weitere zwei Jahre. Der 30-j\u00e4hrige Skoda der schon seit 2018 im Verein ist, bestritt in dieser Spielzeit bisher alle 11 Regionalliga Spiele, wobei er auch 11mal in der Startelf stand. In diesen 11 Spielen erzielte dabei 4 Tore und 7 Vorlagen. Zudem kam er mit [&hellip;]<\/p>\n","protected":false},"author":4,"featured_media":14593,"comment_status":"closed","ping_status":"closed","sticky":false,"template":"","format":"standard","meta":{"_acf_changed":false,"footnotes":""},"categories":[1],"tags":[],"class_list":["post-14591","post","type-post","status-publish","format-standard","has-post-thumbnail","hentry","category-verein"],"acf":[],"publishpress_future_workflow_manual_trigger":{"enabledWorkflows":[]},"_links":{"self":[{"href":"https:\/\/www.vsg-altglienicke.de\/fussball\/wp-json\/wp\/v2\/posts\/14591","targetHints":{"allow":["GET"]}}],"collection":[{"href":"https:\/\/www.vsg-altglienicke.de\/fussball\/wp-json\/wp\/v2\/posts"}],"about":[{"href":"https:\/\/www.vsg-altglienicke.de\/fussball\/wp-json\/wp\/v2\/types\/post"}],"author":[{"embeddable":true,"href":"https:\/\/www.vsg-altglienicke.de\/fussball\/wp-json\/wp\/v2\/users\/4"}],"replies":[{"embeddable":true,"href":"https:\/\/www.vsg-altglienicke.de\/fussball\/wp-json\/wp\/v2\/comments?post=14591"}],"version-history":[{"count":0,"href":"https:\/\/www.vsg-altglienicke.de\/fussball\/wp-json\/wp\/v2\/posts\/14591\/revisions"}],"wp:featuredmedia":[{"embeddable":true,"href":"https:\/\/www.vsg-altglienicke.de\/fussball\/wp-json\/"}],"wp:attachment":[{"href":"https:\/\/www.vsg-altglienicke.de\/fussball\/wp-json\/wp\/v2\/media?parent=14591"}],"wp:term":[{"taxonomy":"category","embeddable":true,"href":"https:\/\/www.vsg-altglienicke.de\/fussball\/wp-json\/wp\/v2\/categories?post=14591"},{"taxonomy":"post_tag","embeddable":true,"href":"https:\/\/www.vsg-altglienicke.de\/fussball\/wp-json\/wp\/v2\/tags?post=14591"}],"curies":[{"name":"wp","href":"https:\/\/api.w.org\/{rel}","templated":true}]}}